{"id":4430,"date":"2026-07-25T17:45:39","date_gmt":"2026-07-25T15:45:39","guid":{"rendered":"https:\/\/madridnorteciclismo.es\/?p=4430"},"modified":"2026-07-25T17:47:04","modified_gmt":"2026-07-25T15:47:04","slug":"madrid-norte-ciclismo-en-el-g-p-ciclista-ayuntamiento-s-s-reyes-i-memorial-david-cabrero","status":"publish","type":"post","link":"https:\/\/madridnorteciclismo.es\/index.php\/2026\/07\/25\/madrid-norte-ciclismo-en-el-g-p-ciclista-ayuntamiento-s-s-reyes-i-memorial-david-cabrero\/","title":{"rendered":"Madrid Norte Ciclismo en el G.P. Ciclista Ayuntamiento S.S. Reyes &#8211; I Memorial David Cabrero"},"content":{"rendered":"\n<p class=\"wp-block-paragraph\">El 25 de julio de 2026 se ha celebrado el G.P. Ciclista Ayuntamiento S.S. Reyes &#8211; I Memorial David Cabrero, en el Circuito de Madrid JARAMA &#8211; RACE.<\/p>\n\n\n<div class=\"wp-block-image\">\n<figure class=\"aligncenter size-full\"><img loading=\"lazy\" decoding=\"async\" width=\"460\" height=\"642\" data-attachment-id=\"4432\" data-permalink=\"https:\/\/madridnorteciclismo.es\/index.php\/2026\/07\/25\/madrid-norte-ciclismo-en-el-g-p-ciclista-ayuntamiento-s-s-reyes-i-memorial-david-cabrero\/cartel-9\/\" data-orig-file=\"https:\/\/madridnorteciclismo.es\/wp-content\/uploads\/2026\/07\/CARTEL-1.jpg\" data-orig-size=\"460,642\" data-comments-opened=\"0\" data-image-title=\"CARTEL\" data-image-description=\"\" data-image-caption=\"\" data-large-file=\"https:\/\/madridnorteciclismo.es\/wp-content\/uploads\/2026\/07\/CARTEL-1.jpg\" src=\"https:\/\/madridnorteciclismo.es\/wp-content\/uploads\/2026\/07\/CARTEL-1.jpg\" alt=\"\" class=\"wp-image-4432\" srcset=\"https:\/\/madridnorteciclismo.es\/wp-content\/uploads\/2026\/07\/CARTEL-1.jpg 460w, https:\/\/madridnorteciclismo.es\/wp-content\/uploads\/2026\/07\/CARTEL-1-215x300.jpg 215w\" sizes=\"auto, (max-width: 460px) 100vw, 460px\" \/><\/figure>\n<\/div>\n\n\n<p class=\"wp-block-paragraph\">Madrid Norte Ciclismo ha participado en esta gran carrera con un ciclista en categor\u00eda infantil y otro en categor\u00eda principiante. Sin duda, la mejor fiesta de fin de curso antes de disfrutar de unas merecidas vacaciones.<\/p>\n\n\n\n<p class=\"wp-block-paragraph\">La carrera infantil ha sido rapid\u00edsima como siempre, pero nuestro participante ha conseguido mantenerse en un peque\u00f1o grupo que han ido d\u00e1ndose relevos durante toda la prueba. <\/p>\n\n\n<div class=\"wp-block-image\">\n<figure class=\"aligncenter size-large\"><img loading=\"lazy\" decoding=\"async\" width=\"1024\" height=\"771\" data-attachment-id=\"4434\" data-permalink=\"https:\/\/madridnorteciclismo.es\/index.php\/2026\/07\/25\/madrid-norte-ciclismo-en-el-g-p-ciclista-ayuntamiento-s-s-reyes-i-memorial-david-cabrero\/01-img_20260725_110823757-2\/\" data-orig-file=\"https:\/\/madridnorteciclismo.es\/wp-content\/uploads\/2026\/07\/01-IMG_20260725_110823757-1-scaled.jpg\" data-orig-size=\"2560,1928\" data-comments-opened=\"0\" data-image-title=\"01-IMG_20260725_110823757\" data-image-description=\"\" data-image-caption=\"\" data-large-file=\"https:\/\/madridnorteciclismo.es\/wp-content\/uploads\/2026\/07\/01-IMG_20260725_110823757-1-1024x771.jpg\" src=\"https:\/\/madridnorteciclismo.es\/wp-content\/uploads\/2026\/07\/01-IMG_20260725_110823757-1-1024x771.jpg\" alt=\"\" class=\"wp-image-4434\" srcset=\"https:\/\/madridnorteciclismo.es\/wp-content\/uploads\/2026\/07\/01-IMG_20260725_110823757-1-1024x771.jpg 1024w, https:\/\/madridnorteciclismo.es\/wp-content\/uploads\/2026\/07\/01-IMG_20260725_110823757-1-300x226.jpg 300w, https:\/\/madridnorteciclismo.es\/wp-content\/uploads\/2026\/07\/01-IMG_20260725_110823757-1-768x578.jpg 768w, https:\/\/madridnorteciclismo.es\/wp-content\/uploads\/2026\/07\/01-IMG_20260725_110823757-1-1536x1157.jpg 1536w, https:\/\/madridnorteciclismo.es\/wp-content\/uploads\/2026\/07\/01-IMG_20260725_110823757-1-2048x1542.jpg 2048w\" sizes=\"auto, (max-width: 1024px) 100vw, 1024px\" \/><\/figure>\n<\/div>\n\n\n<p class=\"wp-block-paragraph\">Incluso cuando el grupo llegaba a la famosa rampa Pegaso con m\u00e1s del 7% de pendiente , sus integrantes, chicos y chicas, lo daban todo en la subida y llegaban al arco Michel\u00edn exhaustos. As\u00ed cada una de las 5 vueltas, hasta llegar a la meta. Buen trabajo!!!<\/p>\n\n\n<div class=\"wp-block-image\">\n<figure class=\"aligncenter size-large\"><img loading=\"lazy\" decoding=\"async\" width=\"1024\" height=\"771\" data-attachment-id=\"4436\" data-permalink=\"https:\/\/madridnorteciclismo.es\/index.php\/2026\/07\/25\/madrid-norte-ciclismo-en-el-g-p-ciclista-ayuntamiento-s-s-reyes-i-memorial-david-cabrero\/03-img_20260725_114003238\/\" data-orig-file=\"https:\/\/madridnorteciclismo.es\/wp-content\/uploads\/2026\/07\/03-IMG_20260725_114003238-scaled.jpg\" data-orig-size=\"2560,1928\" data-comments-opened=\"0\" data-image-title=\"03-IMG_20260725_114003238\" data-image-description=\"\" data-image-caption=\"\" data-large-file=\"https:\/\/madridnorteciclismo.es\/wp-content\/uploads\/2026\/07\/03-IMG_20260725_114003238-1024x771.jpg\" src=\"https:\/\/madridnorteciclismo.es\/wp-content\/uploads\/2026\/07\/03-IMG_20260725_114003238-1024x771.jpg\" alt=\"\" class=\"wp-image-4436\" srcset=\"https:\/\/madridnorteciclismo.es\/wp-content\/uploads\/2026\/07\/03-IMG_20260725_114003238-1024x771.jpg 1024w, https:\/\/madridnorteciclismo.es\/wp-content\/uploads\/2026\/07\/03-IMG_20260725_114003238-300x226.jpg 300w, https:\/\/madridnorteciclismo.es\/wp-content\/uploads\/2026\/07\/03-IMG_20260725_114003238-768x578.jpg 768w, https:\/\/madridnorteciclismo.es\/wp-content\/uploads\/2026\/07\/03-IMG_20260725_114003238-1536x1157.jpg 1536w, https:\/\/madridnorteciclismo.es\/wp-content\/uploads\/2026\/07\/03-IMG_20260725_114003238-2048x1542.jpg 2048w\" sizes=\"auto, (max-width: 1024px) 100vw, 1024px\" \/><\/figure>\n<\/div>\n\n<div class=\"wp-block-image\">\n<figure class=\"aligncenter size-large\"><img loading=\"lazy\" decoding=\"async\" width=\"1024\" height=\"771\" data-attachment-id=\"4435\" data-permalink=\"https:\/\/madridnorteciclismo.es\/index.php\/2026\/07\/25\/madrid-norte-ciclismo-en-el-g-p-ciclista-ayuntamiento-s-s-reyes-i-memorial-david-cabrero\/02-img_20260725_113303418\/\" data-orig-file=\"https:\/\/madridnorteciclismo.es\/wp-content\/uploads\/2026\/07\/02-IMG_20260725_113303418-scaled.jpg\" data-orig-size=\"2560,1928\" data-comments-opened=\"0\" data-image-title=\"02-IMG_20260725_113303418\" data-image-description=\"\" data-image-caption=\"\" data-large-file=\"https:\/\/madridnorteciclismo.es\/wp-content\/uploads\/2026\/07\/02-IMG_20260725_113303418-1024x771.jpg\" src=\"https:\/\/madridnorteciclismo.es\/wp-content\/uploads\/2026\/07\/02-IMG_20260725_113303418-1024x771.jpg\" alt=\"\" class=\"wp-image-4435\" srcset=\"https:\/\/madridnorteciclismo.es\/wp-content\/uploads\/2026\/07\/02-IMG_20260725_113303418-1024x771.jpg 1024w, https:\/\/madridnorteciclismo.es\/wp-content\/uploads\/2026\/07\/02-IMG_20260725_113303418-300x226.jpg 300w, https:\/\/madridnorteciclismo.es\/wp-content\/uploads\/2026\/07\/02-IMG_20260725_113303418-768x578.jpg 768w, https:\/\/madridnorteciclismo.es\/wp-content\/uploads\/2026\/07\/02-IMG_20260725_113303418-1536x1157.jpg 1536w, https:\/\/madridnorteciclismo.es\/wp-content\/uploads\/2026\/07\/02-IMG_20260725_113303418-2048x1542.jpg 2048w\" sizes=\"auto, (max-width: 1024px) 100vw, 1024px\" \/><\/figure>\n<\/div>\n\n<div class=\"wp-block-image\">\n<figure class=\"aligncenter size-large\"><img loading=\"lazy\" decoding=\"async\" width=\"2550\" height=\"1920\" data-attachment-id=\"4439\" data-permalink=\"https:\/\/madridnorteciclismo.es\/04-img_20260725_114720136-3\/\" data-orig-file=\"https:\/\/madridnorteciclismo.es\/wp-content\/uploads\/2026\/07\/04-IMG_20260725_114720136-1-edited.jpg\" data-orig-size=\"2550,1920\" data-comments-opened=\"0\" data-image-title=\"04-IMG_20260725_114720136\" data-image-description=\"\" data-image-caption=\"\" data-large-file=\"https:\/\/madridnorteciclismo.es\/wp-content\/uploads\/2026\/07\/04-IMG_20260725_114720136-1-edited-1024x771.jpg\" src=\"https:\/\/madridnorteciclismo.es\/wp-content\/uploads\/2026\/07\/04-IMG_20260725_114720136-1-edited.jpg\" alt=\"\" class=\"wp-image-4439\" srcset=\"https:\/\/madridnorteciclismo.es\/wp-content\/uploads\/2026\/07\/04-IMG_20260725_114720136-1-edited.jpg 2550w, https:\/\/madridnorteciclismo.es\/wp-content\/uploads\/2026\/07\/04-IMG_20260725_114720136-1-edited-300x226.jpg 300w, https:\/\/madridnorteciclismo.es\/wp-content\/uploads\/2026\/07\/04-IMG_20260725_114720136-1-edited-1024x771.jpg 1024w, https:\/\/madridnorteciclismo.es\/wp-content\/uploads\/2026\/07\/04-IMG_20260725_114720136-1-edited-768x578.jpg 768w, https:\/\/madridnorteciclismo.es\/wp-content\/uploads\/2026\/07\/04-IMG_20260725_114720136-1-edited-1536x1157.jpg 1536w, https:\/\/madridnorteciclismo.es\/wp-content\/uploads\/2026\/07\/04-IMG_20260725_114720136-1-edited-2048x1542.jpg 2048w\" sizes=\"auto, (max-width: 2550px) 100vw, 2550px\" \/><\/figure>\n<\/div>\n\n<div class=\"wp-block-image\">\n<figure class=\"aligncenter size-large\"><img loading=\"lazy\" decoding=\"async\" width=\"2550\" height=\"1920\" data-attachment-id=\"4441\" data-permalink=\"https:\/\/madridnorteciclismo.es\/05-img_20260725_114722218-2\/\" data-orig-file=\"https:\/\/madridnorteciclismo.es\/wp-content\/uploads\/2026\/07\/05-IMG_20260725_114722218-edited.jpg\" data-orig-size=\"2550,1920\" data-comments-opened=\"0\" data-image-title=\"05-IMG_20260725_114722218\" data-image-description=\"\" data-image-caption=\"\" data-large-file=\"https:\/\/madridnorteciclismo.es\/wp-content\/uploads\/2026\/07\/05-IMG_20260725_114722218-edited-1024x771.jpg\" src=\"https:\/\/madridnorteciclismo.es\/wp-content\/uploads\/2026\/07\/05-IMG_20260725_114722218-edited.jpg\" alt=\"\" class=\"wp-image-4441\" srcset=\"https:\/\/madridnorteciclismo.es\/wp-content\/uploads\/2026\/07\/05-IMG_20260725_114722218-edited.jpg 2550w, https:\/\/madridnorteciclismo.es\/wp-content\/uploads\/2026\/07\/05-IMG_20260725_114722218-edited-300x226.jpg 300w, https:\/\/madridnorteciclismo.es\/wp-content\/uploads\/2026\/07\/05-IMG_20260725_114722218-edited-1024x771.jpg 1024w, https:\/\/madridnorteciclismo.es\/wp-content\/uploads\/2026\/07\/05-IMG_20260725_114722218-edited-768x578.jpg 768w, https:\/\/madridnorteciclismo.es\/wp-content\/uploads\/2026\/07\/05-IMG_20260725_114722218-edited-1536x1157.jpg 1536w, https:\/\/madridnorteciclismo.es\/wp-content\/uploads\/2026\/07\/05-IMG_20260725_114722218-edited-2048x1542.jpg 2048w\" sizes=\"auto, (max-width: 2550px) 100vw, 2550px\" \/><\/figure>\n<\/div>\n\n<div class=\"wp-block-image\">\n<figure class=\"aligncenter size-large\"><img loading=\"lazy\" decoding=\"async\" width=\"1024\" height=\"771\" data-attachment-id=\"4442\" data-permalink=\"https:\/\/madridnorteciclismo.es\/index.php\/2026\/07\/25\/madrid-norte-ciclismo-en-el-g-p-ciclista-ayuntamiento-s-s-reyes-i-memorial-david-cabrero\/06-img_20260725_115458410\/\" data-orig-file=\"https:\/\/madridnorteciclismo.es\/wp-content\/uploads\/2026\/07\/06-IMG_20260725_115458410-scaled.jpg\" data-orig-size=\"2560,1928\" data-comments-opened=\"0\" data-image-title=\"06-IMG_20260725_115458410\" data-image-description=\"\" data-image-caption=\"\" data-large-file=\"https:\/\/madridnorteciclismo.es\/wp-content\/uploads\/2026\/07\/06-IMG_20260725_115458410-1024x771.jpg\" src=\"https:\/\/madridnorteciclismo.es\/wp-content\/uploads\/2026\/07\/06-IMG_20260725_115458410-1024x771.jpg\" alt=\"\" class=\"wp-image-4442\" srcset=\"https:\/\/madridnorteciclismo.es\/wp-content\/uploads\/2026\/07\/06-IMG_20260725_115458410-1024x771.jpg 1024w, https:\/\/madridnorteciclismo.es\/wp-content\/uploads\/2026\/07\/06-IMG_20260725_115458410-300x226.jpg 300w, https:\/\/madridnorteciclismo.es\/wp-content\/uploads\/2026\/07\/06-IMG_20260725_115458410-768x578.jpg 768w, https:\/\/madridnorteciclismo.es\/wp-content\/uploads\/2026\/07\/06-IMG_20260725_115458410-1536x1157.jpg 1536w, https:\/\/madridnorteciclismo.es\/wp-content\/uploads\/2026\/07\/06-IMG_20260725_115458410-2048x1542.jpg 2048w\" sizes=\"auto, (max-width: 1024px) 100vw, 1024px\" \/><\/figure>\n<\/div>\n\n<div class=\"wp-block-image\">\n<figure class=\"aligncenter size-large\"><img loading=\"lazy\" decoding=\"async\" width=\"2550\" height=\"1920\" data-attachment-id=\"4444\" data-permalink=\"https:\/\/madridnorteciclismo.es\/07-img_20260725_115500857-2\/\" data-orig-file=\"https:\/\/madridnorteciclismo.es\/wp-content\/uploads\/2026\/07\/07-IMG_20260725_115500857-edited.jpg\" data-orig-size=\"2550,1920\" data-comments-opened=\"0\" data-image-title=\"07-IMG_20260725_115500857\" data-image-description=\"\" data-image-caption=\"\" data-large-file=\"https:\/\/madridnorteciclismo.es\/wp-content\/uploads\/2026\/07\/07-IMG_20260725_115500857-edited-1024x771.jpg\" src=\"https:\/\/madridnorteciclismo.es\/wp-content\/uploads\/2026\/07\/07-IMG_20260725_115500857-edited.jpg\" alt=\"\" class=\"wp-image-4444\" srcset=\"https:\/\/madridnorteciclismo.es\/wp-content\/uploads\/2026\/07\/07-IMG_20260725_115500857-edited.jpg 2550w, https:\/\/madridnorteciclismo.es\/wp-content\/uploads\/2026\/07\/07-IMG_20260725_115500857-edited-300x226.jpg 300w, https:\/\/madridnorteciclismo.es\/wp-content\/uploads\/2026\/07\/07-IMG_20260725_115500857-edited-1024x771.jpg 1024w, https:\/\/madridnorteciclismo.es\/wp-content\/uploads\/2026\/07\/07-IMG_20260725_115500857-edited-768x578.jpg 768w, https:\/\/madridnorteciclismo.es\/wp-content\/uploads\/2026\/07\/07-IMG_20260725_115500857-edited-1536x1157.jpg 1536w, https:\/\/madridnorteciclismo.es\/wp-content\/uploads\/2026\/07\/07-IMG_20260725_115500857-edited-2048x1542.jpg 2048w\" sizes=\"auto, (max-width: 2550px) 100vw, 2550px\" \/><\/figure>\n<\/div>\n\n\n<hr class=\"wp-block-separator has-alpha-channel-opacity\"\/>\n\n\n\n<p class=\"wp-block-paragraph\">En la carrera principiante, nuestro participante perdi\u00f3 algunas posiciones en la salida a pesar de haber salido en la primera fila de la parrilla. <\/p>\n\n\n<div class=\"wp-block-image\">\n<figure class=\"aligncenter size-large\"><img loading=\"lazy\" decoding=\"async\" width=\"2560\" height=\"1928\" data-attachment-id=\"4446\" data-permalink=\"https:\/\/madridnorteciclismo.es\/01-img_20260725_124002437-2\/\" data-orig-file=\"https:\/\/madridnorteciclismo.es\/wp-content\/uploads\/2026\/07\/01-IMG_20260725_124002437-edited-scaled.jpg\" data-orig-size=\"2560,1928\" data-comments-opened=\"0\" data-image-title=\"01-IMG_20260725_124002437\" data-image-description=\"\" data-image-caption=\"\" data-large-file=\"https:\/\/madridnorteciclismo.es\/wp-content\/uploads\/2026\/07\/01-IMG_20260725_124002437-edited-1024x771.jpg\" src=\"https:\/\/madridnorteciclismo.es\/wp-content\/uploads\/2026\/07\/01-IMG_20260725_124002437-edited-scaled.jpg\" alt=\"\" class=\"wp-image-4446\" srcset=\"https:\/\/madridnorteciclismo.es\/wp-content\/uploads\/2026\/07\/01-IMG_20260725_124002437-edited-scaled.jpg 2560w, https:\/\/madridnorteciclismo.es\/wp-content\/uploads\/2026\/07\/01-IMG_20260725_124002437-edited-300x226.jpg 300w, https:\/\/madridnorteciclismo.es\/wp-content\/uploads\/2026\/07\/01-IMG_20260725_124002437-edited-1024x771.jpg 1024w, https:\/\/madridnorteciclismo.es\/wp-content\/uploads\/2026\/07\/01-IMG_20260725_124002437-edited-768x578.jpg 768w, https:\/\/madridnorteciclismo.es\/wp-content\/uploads\/2026\/07\/01-IMG_20260725_124002437-edited-1536x1157.jpg 1536w, https:\/\/madridnorteciclismo.es\/wp-content\/uploads\/2026\/07\/01-IMG_20260725_124002437-edited-2048x1542.jpg 2048w\" sizes=\"auto, (max-width: 2560px) 100vw, 2560px\" \/><\/figure>\n<\/div>\n\n\n<p class=\"wp-block-paragraph\">Sin embargo, poco a poco cogi\u00f3 ritmo y fue adelantando a algunos corredores, sobre todo en la rampa Pegaso (donde por cierto, tuvo que adelantar a un coche de la organizaci\u00f3n, que nadie entiende qu\u00e9 hac\u00eda ah\u00ed, parado, entre los corredores, en mitad de la subida&#8230;). <\/p>\n\n\n<div class=\"wp-block-image\">\n<figure class=\"aligncenter size-large\"><img loading=\"lazy\" decoding=\"async\" width=\"1024\" height=\"423\" data-attachment-id=\"4449\" data-permalink=\"https:\/\/madridnorteciclismo.es\/index.php\/2026\/07\/25\/madrid-norte-ciclismo-en-el-g-p-ciclista-ayuntamiento-s-s-reyes-i-memorial-david-cabrero\/03-captura-de-pantalla-2026-07-25-173912\/\" data-orig-file=\"https:\/\/madridnorteciclismo.es\/wp-content\/uploads\/2026\/07\/03-Captura-de-pantalla-2026-07-25-173912.jpg\" data-orig-size=\"1917,792\" data-comments-opened=\"0\" data-image-title=\"03-Captura de pantalla 2026-07-25 173912\" data-image-description=\"\" data-image-caption=\"\" data-large-file=\"https:\/\/madridnorteciclismo.es\/wp-content\/uploads\/2026\/07\/03-Captura-de-pantalla-2026-07-25-173912-1024x423.jpg\" src=\"https:\/\/madridnorteciclismo.es\/wp-content\/uploads\/2026\/07\/03-Captura-de-pantalla-2026-07-25-173912-1024x423.jpg\" alt=\"\" class=\"wp-image-4449\" srcset=\"https:\/\/madridnorteciclismo.es\/wp-content\/uploads\/2026\/07\/03-Captura-de-pantalla-2026-07-25-173912-1024x423.jpg 1024w, https:\/\/madridnorteciclismo.es\/wp-content\/uploads\/2026\/07\/03-Captura-de-pantalla-2026-07-25-173912-300x124.jpg 300w, https:\/\/madridnorteciclismo.es\/wp-content\/uploads\/2026\/07\/03-Captura-de-pantalla-2026-07-25-173912-768x317.jpg 768w, https:\/\/madridnorteciclismo.es\/wp-content\/uploads\/2026\/07\/03-Captura-de-pantalla-2026-07-25-173912-1536x635.jpg 1536w, https:\/\/madridnorteciclismo.es\/wp-content\/uploads\/2026\/07\/03-Captura-de-pantalla-2026-07-25-173912.jpg 1917w\" sizes=\"auto, (max-width: 1024px) 100vw, 1024px\" \/><\/figure>\n<\/div>\n\n<div class=\"wp-block-image\">\n<figure class=\"aligncenter size-large\"><img loading=\"lazy\" decoding=\"async\" width=\"1024\" height=\"425\" data-attachment-id=\"4450\" data-permalink=\"https:\/\/madridnorteciclismo.es\/index.php\/2026\/07\/25\/madrid-norte-ciclismo-en-el-g-p-ciclista-ayuntamiento-s-s-reyes-i-memorial-david-cabrero\/04-captura-de-pantalla-2026-07-25-174117\/\" data-orig-file=\"https:\/\/madridnorteciclismo.es\/wp-content\/uploads\/2026\/07\/04-Captura-de-pantalla-2026-07-25-174117.jpg\" data-orig-size=\"1917,796\" data-comments-opened=\"0\" data-image-title=\"04-Captura de pantalla 2026-07-25 174117\" data-image-description=\"\" data-image-caption=\"\" data-large-file=\"https:\/\/madridnorteciclismo.es\/wp-content\/uploads\/2026\/07\/04-Captura-de-pantalla-2026-07-25-174117-1024x425.jpg\" src=\"https:\/\/madridnorteciclismo.es\/wp-content\/uploads\/2026\/07\/04-Captura-de-pantalla-2026-07-25-174117-1024x425.jpg\" alt=\"\" class=\"wp-image-4450\" srcset=\"https:\/\/madridnorteciclismo.es\/wp-content\/uploads\/2026\/07\/04-Captura-de-pantalla-2026-07-25-174117-1024x425.jpg 1024w, https:\/\/madridnorteciclismo.es\/wp-content\/uploads\/2026\/07\/04-Captura-de-pantalla-2026-07-25-174117-300x125.jpg 300w, https:\/\/madridnorteciclismo.es\/wp-content\/uploads\/2026\/07\/04-Captura-de-pantalla-2026-07-25-174117-768x319.jpg 768w, https:\/\/madridnorteciclismo.es\/wp-content\/uploads\/2026\/07\/04-Captura-de-pantalla-2026-07-25-174117-1536x638.jpg 1536w, https:\/\/madridnorteciclismo.es\/wp-content\/uploads\/2026\/07\/04-Captura-de-pantalla-2026-07-25-174117.jpg 1917w\" sizes=\"auto, (max-width: 1024px) 100vw, 1024px\" \/><\/figure>\n<\/div>\n\n\n<p class=\"wp-block-paragraph\">Finalmente nuestro peque\u00f1o ciclista lleg\u00f3 a meta con otros 2 ciclistas y pudimos disfrutar de un gran sprint luchando por hacer la mejor posici\u00f3n posible. Grandeeeeesssss!!!!!!<\/p>\n\n\n<div class=\"wp-block-image\">\n<figure class=\"aligncenter size-large\"><img loading=\"lazy\" decoding=\"async\" width=\"1198\" height=\"494\" data-attachment-id=\"4448\" data-permalink=\"https:\/\/madridnorteciclismo.es\/02-captura-de-pantalla-2026-07-25-173601-2\/\" data-orig-file=\"https:\/\/madridnorteciclismo.es\/wp-content\/uploads\/2026\/07\/02-Captura-de-pantalla-2026-07-25-173601-edited.jpg\" data-orig-size=\"1198,494\" data-comments-opened=\"0\" data-image-title=\"02-Captura de pantalla 2026-07-25 173601\" data-image-description=\"\" data-image-caption=\"\" data-large-file=\"https:\/\/madridnorteciclismo.es\/wp-content\/uploads\/2026\/07\/02-Captura-de-pantalla-2026-07-25-173601-edited-1024x422.jpg\" src=\"https:\/\/madridnorteciclismo.es\/wp-content\/uploads\/2026\/07\/02-Captura-de-pantalla-2026-07-25-173601-edited.jpg\" alt=\"\" class=\"wp-image-4448\" srcset=\"https:\/\/madridnorteciclismo.es\/wp-content\/uploads\/2026\/07\/02-Captura-de-pantalla-2026-07-25-173601-edited.jpg 1198w, https:\/\/madridnorteciclismo.es\/wp-content\/uploads\/2026\/07\/02-Captura-de-pantalla-2026-07-25-173601-edited-300x124.jpg 300w, https:\/\/madridnorteciclismo.es\/wp-content\/uploads\/2026\/07\/02-Captura-de-pantalla-2026-07-25-173601-edited-1024x422.jpg 1024w, https:\/\/madridnorteciclismo.es\/wp-content\/uploads\/2026\/07\/02-Captura-de-pantalla-2026-07-25-173601-edited-768x317.jpg 768w\" sizes=\"auto, (max-width: 1198px) 100vw, 1198px\" \/><\/figure>\n<\/div>\n\n\n<p class=\"wp-block-paragraph\">Gracias a todos! Nos vemos de nuevo en septiembre. <\/p>\n\n\n\n<p class=\"wp-block-paragraph\">Buen verano!<\/p>\n","protected":false},"excerpt":{"rendered":"<p>El 25 de julio de 2026 se ha celebrado el G.P. Ciclista Ayuntamiento S.S. Reyes &#8211; I Memorial David Cabrero, en el Circuito de Madrid JARAMA &#8211; RACE. Madrid Norte Ciclismo ha participado en esta gran carrera con un ciclista en categor\u00eda infantil y otro en categor\u00eda principiante. Sin duda, la mejor fiesta de fin [&hellip;]<\/p>\n","protected":false},"author":1,"featured_media":4444,"comment_status":"closed","ping_status":"open","sticky":false,"template":"","format":"standard","meta":{"_jetpack_newsletter_access":"","_jetpack_dont_email_post_to_subs":false,"_jetpack_newsletter_tier_id":0,"_jetpack_memberships_contains_paywalled_content":false,"_jetpack_feature_clip_id":0,"_jetpack_memberships_contains_paid_content":false,"footnotes":"","jetpack_publicize_message":"","jetpack_publicize_feature_enabled":true,"jetpack_social_post_already_shared":true,"jetpack_social_options":{"image_generator_settings":{"template":"highway","default_image_id":0,"font":"","enabled":false},"version":2},"jetpack_post_was_ever_published":false},"categories":[7],"tags":[],"class_list":["post-4430","post","type-post","status-publish","format-standard","has-post-thumbnail","hentry","category-escuela"],"yoast_head":"<!-- This site is optimized with the Yoast SEO plugin v27.9 - https:\/\/yoast.com\/product\/yoast-seo-wordpress\/ -->\n<title>Madrid Norte Ciclismo en el G.P. Ciclista Ayuntamiento S.S. Reyes - I Memorial David Cabrero - MadridNorteCiclismo<\/title>\n<meta name=\"robots\" content=\"index, follow, max-snippet:-1, max-image-preview:large, max-video-preview:-1\" \/>\n<link rel=\"canonical\" href=\"https:\/\/madridnorteciclismo.es\/index.php\/2026\/07\/25\/madrid-norte-ciclismo-en-el-g-p-ciclista-ayuntamiento-s-s-reyes-i-memorial-david-cabrero\/\" \/>\n<meta property=\"og:locale\" content=\"es_ES\" \/>\n<meta property=\"og:type\" content=\"article\" \/>\n<meta property=\"og:title\" content=\"Madrid Norte Ciclismo en el G.P. Ciclista Ayuntamiento S.S. Reyes - I Memorial David Cabrero - MadridNorteCiclismo\" \/>\n<meta property=\"og:description\" content=\"El 25 de julio de 2026 se ha celebrado el G.P. Ciclista Ayuntamiento S.S. Reyes &#8211; I Memorial David Cabrero, en el Circuito de Madrid JARAMA &#8211; RACE. Madrid Norte Ciclismo ha participado en esta gran carrera con un ciclista en categor\u00eda infantil y otro en categor\u00eda principiante. Sin duda, la mejor fiesta de fin [&hellip;]\" \/>\n<meta property=\"og:url\" content=\"https:\/\/madridnorteciclismo.es\/index.php\/2026\/07\/25\/madrid-norte-ciclismo-en-el-g-p-ciclista-ayuntamiento-s-s-reyes-i-memorial-david-cabrero\/\" \/>\n<meta property=\"og:site_name\" content=\"MadridNorteCiclismo\" \/>\n<meta property=\"article:published_time\" content=\"2026-07-25T15:45:39+00:00\" \/>\n<meta property=\"article:modified_time\" content=\"2026-07-25T15:47:04+00:00\" \/>\n<meta property=\"og:image\" content=\"https:\/\/madridnorteciclismo.es\/wp-content\/uploads\/2026\/07\/07-IMG_20260725_115500857-edited.jpg\" \/>\n\t<meta property=\"og:image:width\" content=\"2550\" \/>\n\t<meta property=\"og:image:height\" content=\"1920\" \/>\n\t<meta property=\"og:image:type\" content=\"image\/jpeg\" \/>\n<meta name=\"author\" content=\"Madridnorteciclismo\" \/>\n<meta name=\"twitter:card\" content=\"summary_large_image\" \/>\n<meta name=\"twitter:label1\" content=\"Escrito por\" \/>\n\t<meta name=\"twitter:data1\" content=\"Madridnorteciclismo\" \/>\n\t<meta name=\"twitter:label2\" content=\"Tiempo de lectura\" \/>\n\t<meta name=\"twitter:data2\" content=\"4 minutos\" \/>\n<script type=\"application\/ld+json\" class=\"yoast-schema-graph\">{\"@context\":\"https:\\\/\\\/schema.org\",\"@graph\":[{\"@type\":\"Article\",\"@id\":\"https:\\\/\\\/madridnorteciclismo.es\\\/index.php\\\/2026\\\/07\\\/25\\\/madrid-norte-ciclismo-en-el-g-p-ciclista-ayuntamiento-s-s-reyes-i-memorial-david-cabrero\\\/#article\",\"isPartOf\":{\"@id\":\"https:\\\/\\\/madridnorteciclismo.es\\\/index.php\\\/2026\\\/07\\\/25\\\/madrid-norte-ciclismo-en-el-g-p-ciclista-ayuntamiento-s-s-reyes-i-memorial-david-cabrero\\\/\"},\"author\":{\"name\":\"Madridnorteciclismo\",\"@id\":\"https:\\\/\\\/madridnorteciclismo.es\\\/#\\\/schema\\\/person\\\/d51244194316011086c9ad9a121169a8\"},\"headline\":\"Madrid Norte Ciclismo en el G.P. Ciclista Ayuntamiento S.S. Reyes &#8211; I Memorial David Cabrero\",\"datePublished\":\"2026-07-25T15:45:39+00:00\",\"dateModified\":\"2026-07-25T15:47:04+00:00\",\"mainEntityOfPage\":{\"@id\":\"https:\\\/\\\/madridnorteciclismo.es\\\/index.php\\\/2026\\\/07\\\/25\\\/madrid-norte-ciclismo-en-el-g-p-ciclista-ayuntamiento-s-s-reyes-i-memorial-david-cabrero\\\/\"},\"wordCount\":270,\"image\":{\"@id\":\"https:\\\/\\\/madridnorteciclismo.es\\\/index.php\\\/2026\\\/07\\\/25\\\/madrid-norte-ciclismo-en-el-g-p-ciclista-ayuntamiento-s-s-reyes-i-memorial-david-cabrero\\\/#primaryimage\"},\"thumbnailUrl\":\"https:\\\/\\\/madridnorteciclismo.es\\\/wp-content\\\/uploads\\\/2026\\\/07\\\/07-IMG_20260725_115500857-edited.jpg\",\"articleSection\":[\"Escuela\"],\"inLanguage\":\"es\"},{\"@type\":\"WebPage\",\"@id\":\"https:\\\/\\\/madridnorteciclismo.es\\\/index.php\\\/2026\\\/07\\\/25\\\/madrid-norte-ciclismo-en-el-g-p-ciclista-ayuntamiento-s-s-reyes-i-memorial-david-cabrero\\\/\",\"url\":\"https:\\\/\\\/madridnorteciclismo.es\\\/index.php\\\/2026\\\/07\\\/25\\\/madrid-norte-ciclismo-en-el-g-p-ciclista-ayuntamiento-s-s-reyes-i-memorial-david-cabrero\\\/\",\"name\":\"Madrid Norte Ciclismo en el G.P. Ciclista Ayuntamiento S.S. Reyes - I Memorial David Cabrero - MadridNorteCiclismo\",\"isPartOf\":{\"@id\":\"https:\\\/\\\/madridnorteciclismo.es\\\/#website\"},\"primaryImageOfPage\":{\"@id\":\"https:\\\/\\\/madridnorteciclismo.es\\\/index.php\\\/2026\\\/07\\\/25\\\/madrid-norte-ciclismo-en-el-g-p-ciclista-ayuntamiento-s-s-reyes-i-memorial-david-cabrero\\\/#primaryimage\"},\"image\":{\"@id\":\"https:\\\/\\\/madridnorteciclismo.es\\\/index.php\\\/2026\\\/07\\\/25\\\/madrid-norte-ciclismo-en-el-g-p-ciclista-ayuntamiento-s-s-reyes-i-memorial-david-cabrero\\\/#primaryimage\"},\"thumbnailUrl\":\"https:\\\/\\\/madridnorteciclismo.es\\\/wp-content\\\/uploads\\\/2026\\\/07\\\/07-IMG_20260725_115500857-edited.jpg\",\"datePublished\":\"2026-07-25T15:45:39+00:00\",\"dateModified\":\"2026-07-25T15:47:04+00:00\",\"author\":{\"@id\":\"https:\\\/\\\/madridnorteciclismo.es\\\/#\\\/schema\\\/person\\\/d51244194316011086c9ad9a121169a8\"},\"breadcrumb\":{\"@id\":\"https:\\\/\\\/madridnorteciclismo.es\\\/index.php\\\/2026\\\/07\\\/25\\\/madrid-norte-ciclismo-en-el-g-p-ciclista-ayuntamiento-s-s-reyes-i-memorial-david-cabrero\\\/#breadcrumb\"},\"inLanguage\":\"es\",\"potentialAction\":[{\"@type\":\"ReadAction\",\"target\":[\"https:\\\/\\\/madridnorteciclismo.es\\\/index.php\\\/2026\\\/07\\\/25\\\/madrid-norte-ciclismo-en-el-g-p-ciclista-ayuntamiento-s-s-reyes-i-memorial-david-cabrero\\\/\"]}]},{\"@type\":\"ImageObject\",\"inLanguage\":\"es\",\"@id\":\"https:\\\/\\\/madridnorteciclismo.es\\\/index.php\\\/2026\\\/07\\\/25\\\/madrid-norte-ciclismo-en-el-g-p-ciclista-ayuntamiento-s-s-reyes-i-memorial-david-cabrero\\\/#primaryimage\",\"url\":\"https:\\\/\\\/madridnorteciclismo.es\\\/wp-content\\\/uploads\\\/2026\\\/07\\\/07-IMG_20260725_115500857-edited.jpg\",\"contentUrl\":\"https:\\\/\\\/madridnorteciclismo.es\\\/wp-content\\\/uploads\\\/2026\\\/07\\\/07-IMG_20260725_115500857-edited.jpg\",\"width\":2550,\"height\":1920},{\"@type\":\"BreadcrumbList\",\"@id\":\"https:\\\/\\\/madridnorteciclismo.es\\\/index.php\\\/2026\\\/07\\\/25\\\/madrid-norte-ciclismo-en-el-g-p-ciclista-ayuntamiento-s-s-reyes-i-memorial-david-cabrero\\\/#breadcrumb\",\"itemListElement\":[{\"@type\":\"ListItem\",\"position\":1,\"name\":\"Portada\",\"item\":\"https:\\\/\\\/madridnorteciclismo.es\\\/\"},{\"@type\":\"ListItem\",\"position\":2,\"name\":\"Madrid Norte Ciclismo en el G.P. Ciclista Ayuntamiento S.S. Reyes &#8211; I Memorial David Cabrero\"}]},{\"@type\":\"WebSite\",\"@id\":\"https:\\\/\\\/madridnorteciclismo.es\\\/#website\",\"url\":\"https:\\\/\\\/madridnorteciclismo.es\\\/\",\"name\":\"MadridNorteCiclismo\",\"description\":\"Club Deportivo Elemental y Escuela Ciclista\",\"potentialAction\":[{\"@type\":\"SearchAction\",\"target\":{\"@type\":\"EntryPoint\",\"urlTemplate\":\"https:\\\/\\\/madridnorteciclismo.es\\\/?s={search_term_string}\"},\"query-input\":{\"@type\":\"PropertyValueSpecification\",\"valueRequired\":true,\"valueName\":\"search_term_string\"}}],\"inLanguage\":\"es\"},{\"@type\":\"Person\",\"@id\":\"https:\\\/\\\/madridnorteciclismo.es\\\/#\\\/schema\\\/person\\\/d51244194316011086c9ad9a121169a8\",\"name\":\"Madridnorteciclismo\",\"image\":{\"@type\":\"ImageObject\",\"inLanguage\":\"es\",\"@id\":\"https:\\\/\\\/secure.gravatar.com\\\/avatar\\\/b1d2050a1aa189f8262b43095702a3d28339656c37f1c3a95a128b317c93308d?s=96&d=mm&r=g\",\"url\":\"https:\\\/\\\/secure.gravatar.com\\\/avatar\\\/b1d2050a1aa189f8262b43095702a3d28339656c37f1c3a95a128b317c93308d?s=96&d=mm&r=g\",\"contentUrl\":\"https:\\\/\\\/secure.gravatar.com\\\/avatar\\\/b1d2050a1aa189f8262b43095702a3d28339656c37f1c3a95a128b317c93308d?s=96&d=mm&r=g\",\"caption\":\"Madridnorteciclismo\"},\"sameAs\":[\"https:\\\/\\\/madridnorteciclismo.es\"],\"url\":\"https:\\\/\\\/madridnorteciclismo.es\\\/index.php\\\/author\\\/madridnorteciclismo\\\/\"}]}<\/script>\n<!-- \/ Yoast SEO plugin. -->","yoast_head_json":{"title":"Madrid Norte Ciclismo en el G.P. Ciclista Ayuntamiento S.S. Reyes - I Memorial David Cabrero - MadridNorteCiclismo","robots":{"index":"index","follow":"follow","max-snippet":"max-snippet:-1","max-image-preview":"max-image-preview:large","max-video-preview":"max-video-preview:-1"},"canonical":"https:\/\/madridnorteciclismo.es\/index.php\/2026\/07\/25\/madrid-norte-ciclismo-en-el-g-p-ciclista-ayuntamiento-s-s-reyes-i-memorial-david-cabrero\/","og_locale":"es_ES","og_type":"article","og_title":"Madrid Norte Ciclismo en el G.P. Ciclista Ayuntamiento S.S. Reyes - I Memorial David Cabrero - MadridNorteCiclismo","og_description":"El 25 de julio de 2026 se ha celebrado el G.P. Ciclista Ayuntamiento S.S. Reyes &#8211; I Memorial David Cabrero, en el Circuito de Madrid JARAMA &#8211; RACE. Madrid Norte Ciclismo ha participado en esta gran carrera con un ciclista en categor\u00eda infantil y otro en categor\u00eda principiante. Sin duda, la mejor fiesta de fin [&hellip;]","og_url":"https:\/\/madridnorteciclismo.es\/index.php\/2026\/07\/25\/madrid-norte-ciclismo-en-el-g-p-ciclista-ayuntamiento-s-s-reyes-i-memorial-david-cabrero\/","og_site_name":"MadridNorteCiclismo","article_published_time":"2026-07-25T15:45:39+00:00","article_modified_time":"2026-07-25T15:47:04+00:00","og_image":[{"width":2550,"height":1920,"url":"https:\/\/madridnorteciclismo.es\/wp-content\/uploads\/2026\/07\/07-IMG_20260725_115500857-edited.jpg","type":"image\/jpeg"}],"author":"Madridnorteciclismo","twitter_card":"summary_large_image","twitter_misc":{"Escrito por":"Madridnorteciclismo","Tiempo de lectura":"4 minutos"},"schema":{"@context":"https:\/\/schema.org","@graph":[{"@type":"Article","@id":"https:\/\/madridnorteciclismo.es\/index.php\/2026\/07\/25\/madrid-norte-ciclismo-en-el-g-p-ciclista-ayuntamiento-s-s-reyes-i-memorial-david-cabrero\/#article","isPartOf":{"@id":"https:\/\/madridnorteciclismo.es\/index.php\/2026\/07\/25\/madrid-norte-ciclismo-en-el-g-p-ciclista-ayuntamiento-s-s-reyes-i-memorial-david-cabrero\/"},"author":{"name":"Madridnorteciclismo","@id":"https:\/\/madridnorteciclismo.es\/#\/schema\/person\/d51244194316011086c9ad9a121169a8"},"headline":"Madrid Norte Ciclismo en el G.P. Ciclista Ayuntamiento S.S. Reyes &#8211; I Memorial David Cabrero","datePublished":"2026-07-25T15:45:39+00:00","dateModified":"2026-07-25T15:47:04+00:00","mainEntityOfPage":{"@id":"https:\/\/madridnorteciclismo.es\/index.php\/2026\/07\/25\/madrid-norte-ciclismo-en-el-g-p-ciclista-ayuntamiento-s-s-reyes-i-memorial-david-cabrero\/"},"wordCount":270,"image":{"@id":"https:\/\/madridnorteciclismo.es\/index.php\/2026\/07\/25\/madrid-norte-ciclismo-en-el-g-p-ciclista-ayuntamiento-s-s-reyes-i-memorial-david-cabrero\/#primaryimage"},"thumbnailUrl":"https:\/\/madridnorteciclismo.es\/wp-content\/uploads\/2026\/07\/07-IMG_20260725_115500857-edited.jpg","articleSection":["Escuela"],"inLanguage":"es"},{"@type":"WebPage","@id":"https:\/\/madridnorteciclismo.es\/index.php\/2026\/07\/25\/madrid-norte-ciclismo-en-el-g-p-ciclista-ayuntamiento-s-s-reyes-i-memorial-david-cabrero\/","url":"https:\/\/madridnorteciclismo.es\/index.php\/2026\/07\/25\/madrid-norte-ciclismo-en-el-g-p-ciclista-ayuntamiento-s-s-reyes-i-memorial-david-cabrero\/","name":"Madrid Norte Ciclismo en el G.P. Ciclista Ayuntamiento S.S. Reyes - I Memorial David Cabrero - MadridNorteCiclismo","isPartOf":{"@id":"https:\/\/madridnorteciclismo.es\/#website"},"primaryImageOfPage":{"@id":"https:\/\/madridnorteciclismo.es\/index.php\/2026\/07\/25\/madrid-norte-ciclismo-en-el-g-p-ciclista-ayuntamiento-s-s-reyes-i-memorial-david-cabrero\/#primaryimage"},"image":{"@id":"https:\/\/madridnorteciclismo.es\/index.php\/2026\/07\/25\/madrid-norte-ciclismo-en-el-g-p-ciclista-ayuntamiento-s-s-reyes-i-memorial-david-cabrero\/#primaryimage"},"thumbnailUrl":"https:\/\/madridnorteciclismo.es\/wp-content\/uploads\/2026\/07\/07-IMG_20260725_115500857-edited.jpg","datePublished":"2026-07-25T15:45:39+00:00","dateModified":"2026-07-25T15:47:04+00:00","author":{"@id":"https:\/\/madridnorteciclismo.es\/#\/schema\/person\/d51244194316011086c9ad9a121169a8"},"breadcrumb":{"@id":"https:\/\/madridnorteciclismo.es\/index.php\/2026\/07\/25\/madrid-norte-ciclismo-en-el-g-p-ciclista-ayuntamiento-s-s-reyes-i-memorial-david-cabrero\/#breadcrumb"},"inLanguage":"es","potentialAction":[{"@type":"ReadAction","target":["https:\/\/madridnorteciclismo.es\/index.php\/2026\/07\/25\/madrid-norte-ciclismo-en-el-g-p-ciclista-ayuntamiento-s-s-reyes-i-memorial-david-cabrero\/"]}]},{"@type":"ImageObject","inLanguage":"es","@id":"https:\/\/madridnorteciclismo.es\/index.php\/2026\/07\/25\/madrid-norte-ciclismo-en-el-g-p-ciclista-ayuntamiento-s-s-reyes-i-memorial-david-cabrero\/#primaryimage","url":"https:\/\/madridnorteciclismo.es\/wp-content\/uploads\/2026\/07\/07-IMG_20260725_115500857-edited.jpg","contentUrl":"https:\/\/madridnorteciclismo.es\/wp-content\/uploads\/2026\/07\/07-IMG_20260725_115500857-edited.jpg","width":2550,"height":1920},{"@type":"BreadcrumbList","@id":"https:\/\/madridnorteciclismo.es\/index.php\/2026\/07\/25\/madrid-norte-ciclismo-en-el-g-p-ciclista-ayuntamiento-s-s-reyes-i-memorial-david-cabrero\/#breadcrumb","itemListElement":[{"@type":"ListItem","position":1,"name":"Portada","item":"https:\/\/madridnorteciclismo.es\/"},{"@type":"ListItem","position":2,"name":"Madrid Norte Ciclismo en el G.P. Ciclista Ayuntamiento S.S. Reyes &#8211; I Memorial David Cabrero"}]},{"@type":"WebSite","@id":"https:\/\/madridnorteciclismo.es\/#website","url":"https:\/\/madridnorteciclismo.es\/","name":"MadridNorteCiclismo","description":"Club Deportivo Elemental y Escuela Ciclista","potentialAction":[{"@type":"SearchAction","target":{"@type":"EntryPoint","urlTemplate":"https:\/\/madridnorteciclismo.es\/?s={search_term_string}"},"query-input":{"@type":"PropertyValueSpecification","valueRequired":true,"valueName":"search_term_string"}}],"inLanguage":"es"},{"@type":"Person","@id":"https:\/\/madridnorteciclismo.es\/#\/schema\/person\/d51244194316011086c9ad9a121169a8","name":"Madridnorteciclismo","image":{"@type":"ImageObject","inLanguage":"es","@id":"https:\/\/secure.gravatar.com\/avatar\/b1d2050a1aa189f8262b43095702a3d28339656c37f1c3a95a128b317c93308d?s=96&d=mm&r=g","url":"https:\/\/secure.gravatar.com\/avatar\/b1d2050a1aa189f8262b43095702a3d28339656c37f1c3a95a128b317c93308d?s=96&d=mm&r=g","contentUrl":"https:\/\/secure.gravatar.com\/avatar\/b1d2050a1aa189f8262b43095702a3d28339656c37f1c3a95a128b317c93308d?s=96&d=mm&r=g","caption":"Madridnorteciclismo"},"sameAs":["https:\/\/madridnorteciclismo.es"],"url":"https:\/\/madridnorteciclismo.es\/index.php\/author\/madridnorteciclismo\/"}]}},"jetpack_publicize_connections":[],"jetpack_featured_media_url":"https:\/\/madridnorteciclismo.es\/wp-content\/uploads\/2026\/07\/07-IMG_20260725_115500857-edited.jpg","jetpack-related-posts":[{"id":4026,"url":"https:\/\/madridnorteciclismo.es\/index.php\/2025\/10\/30\/madrid-norte-ciclismo-en-el-xii-ciclocross-ayto-mejorada-del-campo-escuelas-copa-comunidad-de-madrid\/","url_meta":{"origin":4430,"position":0},"title":"Madrid Norte Ciclismo en el XII CICLOCROSS AYTO MEJORADA DEL CAMPO-ESCUELAS- COPA COMUNIDAD DE MADRID","author":"Madridnorteciclismo","date":"30 de octubre de 2025","format":false,"excerpt":"El pasado domingo 26 de octubre, Madrid Norte Ciclismo particip\u00f3 en el XII CICLOCROSS AYTO MEJORADA DEL CAMPO-ESCUELAS- COPA COMUNIDAD DE MADRID.En esta ocasi\u00f3n, acudimos \u00fanicamente con un representante de categor\u00eda infantil, para el cual esta carrera era la primera en la que participaba como ciclista de escuelas. Fue todo\u2026","rel":"","context":"En \u00abEscuela\u00bb","block_context":{"text":"Escuela","link":"https:\/\/madridnorteciclismo.es\/index.php\/category\/escuela\/"},"img":{"alt_text":"","src":"https:\/\/i0.wp.com\/madridnorteciclismo.es\/wp-content\/uploads\/2025\/10\/SUBIDA-MEJORADA.jpg?resize=350%2C200&ssl=1","width":350,"height":200,"srcset":"https:\/\/i0.wp.com\/madridnorteciclismo.es\/wp-content\/uploads\/2025\/10\/SUBIDA-MEJORADA.jpg?resize=350%2C200&ssl=1 1x, https:\/\/i0.wp.com\/madridnorteciclismo.es\/wp-content\/uploads\/2025\/10\/SUBIDA-MEJORADA.jpg?resize=525%2C300&ssl=1 1.5x"},"classes":[]},{"id":3089,"url":"https:\/\/madridnorteciclismo.es\/index.php\/2025\/06\/23\/madrid-norte-ciclismo-en-la-copa-de-madrid-xco-kids-paracuellos-del-jarama\/","url_meta":{"origin":4430,"position":1},"title":"Madrid Norte Ciclismo en la Copa de Madrid XCO &amp; KIDS \u2013 Paracuellos del Jarama","author":"Madridnorteciclismo","date":"23 de junio de 2025","format":false,"excerpt":"El pasado domingo 22 de junio, Madrid Norte Ciclismo particip\u00f3 con dos ciclistas de categor\u00eda alev\u00edn y con un ciclista de categor\u00eda principiante en la carrera XCO & KIDS de Paracuellos del Jarama. A pesar de que la organizaci\u00f3n adelant\u00f3 los horarios de las carreras para minimizar el efecto de\u2026","rel":"","context":"En \u00abCompeticiones\u00bb","block_context":{"text":"Competiciones","link":"https:\/\/madridnorteciclismo.es\/index.php\/category\/competiciones\/"},"img":{"alt_text":"","src":"https:\/\/i0.wp.com\/madridnorteciclismo.es\/wp-content\/uploads\/2025\/06\/IMG_20250622_122611815_HDR-scaled.jpg?resize=350%2C200&ssl=1","width":350,"height":200,"srcset":"https:\/\/i0.wp.com\/madridnorteciclismo.es\/wp-content\/uploads\/2025\/06\/IMG_20250622_122611815_HDR-scaled.jpg?resize=350%2C200&ssl=1 1x, https:\/\/i0.wp.com\/madridnorteciclismo.es\/wp-content\/uploads\/2025\/06\/IMG_20250622_122611815_HDR-scaled.jpg?resize=525%2C300&ssl=1 1.5x, https:\/\/i0.wp.com\/madridnorteciclismo.es\/wp-content\/uploads\/2025\/06\/IMG_20250622_122611815_HDR-scaled.jpg?resize=700%2C400&ssl=1 2x, https:\/\/i0.wp.com\/madridnorteciclismo.es\/wp-content\/uploads\/2025\/06\/IMG_20250622_122611815_HDR-scaled.jpg?resize=1050%2C600&ssl=1 3x, https:\/\/i0.wp.com\/madridnorteciclismo.es\/wp-content\/uploads\/2025\/06\/IMG_20250622_122611815_HDR-scaled.jpg?resize=1400%2C800&ssl=1 4x"},"classes":[]},{"id":4329,"url":"https:\/\/madridnorteciclismo.es\/index.php\/2026\/05\/11\/madrid-norte-ciclismo-en-el-trofeo-mundoventanas360-campeonato-de-madrid-de-ruta-en-serranillos-del-valle\/","url_meta":{"origin":4430,"position":2},"title":"Madrid Norte Ciclismo en el Trofeo Mundoventanas360-Campeonato de Madrid de Ruta en Serranillos del Valle","author":"Madridnorteciclismo","date":"11 de mayo de 2026","format":false,"excerpt":"El pasado s\u00e1bado 9 de mayo, Madrid Norte Ciclismo particip\u00f3 en el Trofeo Mundoventanas360-Campeonato de Madrid de Ruta de Serranillos del Valle organizada por el club Fuenlabrada U.C. Fue un d\u00eda dif\u00edcil por las condiciones meteorol\u00f3gicas cambiantes que hicieron que alguna de las carreras se disputara bajo un peque\u00f1o diluvio\u2026pero\u2026","rel":"","context":"En \u00abCompeticiones\u00bb","block_context":{"text":"Competiciones","link":"https:\/\/madridnorteciclismo.es\/index.php\/category\/competiciones\/"},"img":{"alt_text":"","src":"https:\/\/i0.wp.com\/madridnorteciclismo.es\/wp-content\/uploads\/2026\/05\/Foto-2_034743.jpg?resize=350%2C200&ssl=1","width":350,"height":200},"classes":[]},{"id":3077,"url":"https:\/\/madridnorteciclismo.es\/index.php\/2025\/05\/18\/madrid-norte-ciclismo-en-la-scott-supercup-kids-mtb-arroyomolinos\/","url_meta":{"origin":4430,"position":3},"title":"Madrid Norte Ciclismo en la SCOTT SUPERCUP KIDS MTB \u2013 ARROYOMOLINOS","author":"Madridnorteciclismo","date":"18 de mayo de 2025","format":false,"excerpt":"El domingo 18 de mayo, Madrid Norte Ciclismo particip\u00f3 con un ciclista de categor\u00eda principiante en la carrera Scott Supercup Kids MTB. La ma\u00f1ana fue muy soleada y fue necesario estar a la sombra hasta casi la hora de comenzar la carrera. A pesar del calor, los ciclistas realizaron la\u2026","rel":"","context":"En \u00abCompeticiones\u00bb","block_context":{"text":"Competiciones","link":"https:\/\/madridnorteciclismo.es\/index.php\/category\/competiciones\/"},"img":{"alt_text":"","src":"https:\/\/i0.wp.com\/madridnorteciclismo.es\/wp-content\/uploads\/2025\/05\/1-scaled.jpg?resize=350%2C200&ssl=1","width":350,"height":200,"srcset":"https:\/\/i0.wp.com\/madridnorteciclismo.es\/wp-content\/uploads\/2025\/05\/1-scaled.jpg?resize=350%2C200&ssl=1 1x, https:\/\/i0.wp.com\/madridnorteciclismo.es\/wp-content\/uploads\/2025\/05\/1-scaled.jpg?resize=525%2C300&ssl=1 1.5x, https:\/\/i0.wp.com\/madridnorteciclismo.es\/wp-content\/uploads\/2025\/05\/1-scaled.jpg?resize=700%2C400&ssl=1 2x, https:\/\/i0.wp.com\/madridnorteciclismo.es\/wp-content\/uploads\/2025\/05\/1-scaled.jpg?resize=1050%2C600&ssl=1 3x, https:\/\/i0.wp.com\/madridnorteciclismo.es\/wp-content\/uploads\/2025\/05\/1-scaled.jpg?resize=1400%2C800&ssl=1 4x"},"classes":[]},{"id":3066,"url":"https:\/\/madridnorteciclismo.es\/index.php\/2025\/05\/10\/madrid-norte-ciclismo-en-la-copa-de-madrid-xco-kids-ciempozuelos\/","url_meta":{"origin":4430,"position":4},"title":"Madrid Norte Ciclismo en la Copa de Madrid XCO &amp; KIDS &#8211; CIEMPOZUELOS","author":"Madridnorteciclismo","date":"10 de mayo de 2025","format":false,"excerpt":"El pasado 27 de abril de 2025, la Escuela Ciclista de Madrid Norte Ciclismo compiti\u00f3 en la carrera Madrid Norte Ciclismo en la Copa de Madrid XCO & KIDS - CIEMPOZUELOS, dentro de la categor\u00eda Principiantes. Aunque no era un d\u00eda excesivamente caluroso, siempre es muy importante hidratarse bien antes\u2026","rel":"","context":"En \u00abCompeticiones\u00bb","block_context":{"text":"Competiciones","link":"https:\/\/madridnorteciclismo.es\/index.php\/category\/competiciones\/"},"img":{"alt_text":"","src":"https:\/\/i0.wp.com\/madridnorteciclismo.es\/wp-content\/uploads\/2025\/05\/web5.jpg?resize=350%2C200&ssl=1","width":350,"height":200},"classes":[]},{"id":3058,"url":"https:\/\/madridnorteciclismo.es\/index.php\/2025\/04\/20\/madrid-norte-ciclismo-en-la-scott-supercup-kids-mtb-alpedrete\/","url_meta":{"origin":4430,"position":5},"title":"Madrid Norte Ciclismo en la SCOTT SUPERCUP KIDS MTB &#8211; ALPEDRETE","author":"Madridnorteciclismo","date":"20 de abril de 2025","format":false,"excerpt":"El pasado 5 de abril de 2025, un ciclista represent\u00f3 a la Escuela Ciclista de Madrid Norte Ciclismo participando en la SCOTT SUPERCUP KIDS MTB - ALPEDRETE, dentro de la categor\u00eda Principiantes. Nada m\u00e1s comenzar la carrera hubo una ca\u00edda, pero por suerte nuestro representante no se vio afectado. El\u2026","rel":"","context":"En \u00abCompeticiones\u00bb","block_context":{"text":"Competiciones","link":"https:\/\/madridnorteciclismo.es\/index.php\/category\/competiciones\/"},"img":{"alt_text":"","src":"https:\/\/i0.wp.com\/madridnorteciclismo.es\/wp-content\/uploads\/2025\/04\/webfoto0.jpg?resize=350%2C200&ssl=1","width":350,"height":200,"srcset":"https:\/\/i0.wp.com\/madridnorteciclismo.es\/wp-content\/uploads\/2025\/04\/webfoto0.jpg?resize=350%2C200&ssl=1 1x, https:\/\/i0.wp.com\/madridnorteciclismo.es\/wp-content\/uploads\/2025\/04\/webfoto0.jpg?resize=525%2C300&ssl=1 1.5x, https:\/\/i0.wp.com\/madridnorteciclismo.es\/wp-content\/uploads\/2025\/04\/webfoto0.jpg?resize=700%2C400&ssl=1 2x, https:\/\/i0.wp.com\/madridnorteciclismo.es\/wp-content\/uploads\/2025\/04\/webfoto0.jpg?resize=1050%2C600&ssl=1 3x"},"classes":[]}],"jetpack_sharing_enabled":true,"jetpack_likes_enabled":true,"_links":{"self":[{"href":"https:\/\/madridnorteciclismo.es\/index.php\/wp-json\/wp\/v2\/posts\/4430","targetHints":{"allow":["GET"]}}],"collection":[{"href":"https:\/\/madridnorteciclismo.es\/index.php\/wp-json\/wp\/v2\/posts"}],"about":[{"href":"https:\/\/madridnorteciclismo.es\/index.php\/wp-json\/wp\/v2\/types\/post"}],"author":[{"embeddable":true,"href":"https:\/\/madridnorteciclismo.es\/index.php\/wp-json\/wp\/v2\/users\/1"}],"replies":[{"embeddable":true,"href":"https:\/\/madridnorteciclismo.es\/index.php\/wp-json\/wp\/v2\/comments?post=4430"}],"version-history":[{"count":2,"href":"https:\/\/madridnorteciclismo.es\/index.php\/wp-json\/wp\/v2\/posts\/4430\/revisions"}],"predecessor-version":[{"id":4452,"href":"https:\/\/madridnorteciclismo.es\/index.php\/wp-json\/wp\/v2\/posts\/4430\/revisions\/4452"}],"wp:featuredmedia":[{"embeddable":true,"href":"https:\/\/madridnorteciclismo.es\/index.php\/wp-json\/wp\/v2\/media\/4444"}],"wp:attachment":[{"href":"https:\/\/madridnorteciclismo.es\/index.php\/wp-json\/wp\/v2\/media?parent=4430"}],"wp:term":[{"taxonomy":"category","embeddable":true,"href":"https:\/\/madridnorteciclismo.es\/index.php\/wp-json\/wp\/v2\/categories?post=4430"},{"taxonomy":"post_tag","embeddable":true,"href":"https:\/\/madridnorteciclismo.es\/index.php\/wp-json\/wp\/v2\/tags?post=4430"}],"curies":[{"name":"wp","href":"https:\/\/api.w.org\/{rel}","templated":true}]}}